{"id":1390,"date":"2018-02-12T21:00:00","date_gmt":"2018-02-12T21:00:00","guid":{"rendered":"http:\/\/gpcw.blog\/?p=1390"},"modified":"2018-02-12T21:00:00","modified_gmt":"2018-02-12T21:00:00","slug":"dia-mundial-da-radio-13-de-fevereiro","status":"publish","type":"post","link":"https:\/\/gpcw.pt\/wp\/2018\/02\/12\/dia-mundial-da-radio-13-de-fevereiro\/","title":{"rendered":"Dia Mundial da R\u00e1dio &#8211; 13 de Fevereiro"},"content":{"rendered":"<p><span style=\"color:#993300;\"><em><strong>Sugest\u00e3o:<br \/>\nComemore este Dia fazendo, pelo menos, um QSO.<br \/>\nA r\u00e1dio \u00e9 a &#8220;praia do radioamador&#8221;!<\/strong><\/em><\/span><\/p>\n<p><span style=\"color:#000000;\">O <em><strong>Dia Mundial da R\u00e1dio<\/strong><\/em> foi deliberado na 67\u00aa Assembleia Geral das Na\u00e7\u00f5es Unidas, em 14 de Fevereiro de 2013, sob proposta da UNESCO, sendo a proposta inicial da Espanha, realizada em 2011.<\/span><\/p>\n<p>A data de 13 de Fevereiro foi a data que marcou o inicio das emiss\u00f5es da R\u00e1dio Na\u00e7\u00f5es Unidas, em 1946.<\/p>\n<p>Relembra-se que a r\u00e1dio \u00e9 o meio de comunica\u00e7\u00e3o com\u00a0 maior audi\u00eancia no mundo.<br \/>\n\u00c9 ainda reconhecido como sendo uma potente ferramenta de comunica\u00e7\u00e3o com um custo modesto.<\/p>\n<p>A r\u00e1dio \u00e9 especialmente capaz para chegar a comunidades que vivem em zonas remotas e a pessoal vulner\u00e1veis: O analfabetos, os deficientes, aos jovens, aos pobres.<br \/>\nPermite, no entanto, a suscitar o debate p\u00fablico, independentemente do grau de literacia dos ouvintes.<\/p>\n<p>Tem ainda, um forte e \u00fanico papel nas comunica\u00e7\u00f5es de emerg\u00eancia e na reabilita\u00e7\u00e3o das sociedades ap\u00f3s as cat\u00e1strofes.<\/p>\n<p>A face da r\u00e1dio tem vindo a mudar, nestes tempo de converg\u00eancia dos meios de comunica\u00e7\u00e3o social, tendo sabido manter-se a par com as novas tecnologias e, tirando partido destas, sabido adoptar novas formas, utilizando internet de banda larga, telefones e tablets.<br \/>\n<strong>Contudo, \u00e9 necess\u00e1rio real\u00e7ar que, mesmo com toda esta diversidade, calcula-se que um mil de milh\u00f5es de pessoas ainda n\u00e3o t\u00eam acesso a escutar emiss\u00f5es de r\u00e1dio!<\/strong><\/p>\n","protected":false},"excerpt":{"rendered":"<p>O Dia Mundial da R\u00e1dio comemora-se no dia 13 de Fevereiro.<\/p>\n","protected":false},"author":1,"featured_media":1392,"comment_status":"open","ping_status":"open","sticky":false,"template":"","format":"standard","meta":{"footnotes":""},"categories":[52,31,34,1],"tags":[106,123,151,164,182,188],"class_list":["post-1390","post","type-post","status-publish","format-standard","has-post-thumbnail","hentry","category-espectro","category-radio","category-regulacao","category-uncategorized","tag-dia-mundial-da-radio","tag-gpcw","tag-portugal","tag-radioamador","tag-unesco","tag-world-radio-day","entry"],"_links":{"self":[{"href":"https:\/\/gpcw.pt\/wp\/wp-json\/wp\/v2\/posts\/1390","targetHints":{"allow":["GET"]}}],"collection":[{"href":"https:\/\/gpcw.pt\/wp\/wp-json\/wp\/v2\/posts"}],"about":[{"href":"https:\/\/gpcw.pt\/wp\/wp-json\/wp\/v2\/types\/post"}],"author":[{"embeddable":true,"href":"https:\/\/gpcw.pt\/wp\/wp-json\/wp\/v2\/users\/1"}],"replies":[{"embeddable":true,"href":"https:\/\/gpcw.pt\/wp\/wp-json\/wp\/v2\/comments?post=1390"}],"version-history":[{"count":0,"href":"https:\/\/gpcw.pt\/wp\/wp-json\/wp\/v2\/posts\/1390\/revisions"}],"wp:featuredmedia":[{"embeddable":true,"href":"https:\/\/gpcw.pt\/wp\/wp-json\/wp\/v2\/media\/1392"}],"wp:attachment":[{"href":"https:\/\/gpcw.pt\/wp\/wp-json\/wp\/v2\/media?parent=1390"}],"wp:term":[{"taxonomy":"category","embeddable":true,"href":"https:\/\/gpcw.pt\/wp\/wp-json\/wp\/v2\/categories?post=1390"},{"taxonomy":"post_tag","embeddable":true,"href":"https:\/\/gpcw.pt\/wp\/wp-json\/wp\/v2\/tags?post=1390"}],"curies":[{"name":"wp","href":"https:\/\/api.w.org\/{rel}","templated":true}]}}