{"id":1609,"date":"2018-06-27T14:13:47","date_gmt":"2018-06-27T14:13:47","guid":{"rendered":"http:\/\/gpcw.blog\/?p=1609"},"modified":"2018-06-27T14:13:47","modified_gmt":"2018-06-27T14:13:47","slug":"saq-no-ar-novamente-em-cw-obviamente","status":"publish","type":"post","link":"https:\/\/gpcw.pt\/wp\/2018\/06\/27\/saq-no-ar-novamente-em-cw-obviamente\/","title":{"rendered":"SAQ no ar novamente! Em CW, obviamente&#8230;"},"content":{"rendered":"<p><em>An\u00fancio da Associa\u00e7\u00e3o de Veteranos da Esta\u00e7\u00e3o de R\u00e1dio Grimeton (SAQ), Su\u00e9cia, que mant\u00e9m este p\u00f3lo nuseol\u00f3gico a funcionar.<br \/>\nA Associa\u00e7\u00e3o pode ser encontrada online em <a href=\"http:\/\/alexander.n.se\/\">V\u00e4nf\u00f6reningen Alexander &#8211;<\/a> Grimeton SAQ veteranradios v\u00e4nner<br \/>\n<\/em><\/p>\n<p>A Esta\u00e7\u00e3o de R\u00e1dio Grimeton, indicativo SAQ, Patrim\u00f3nio Mundial (Su\u00e9cia), ir\u00e1 para o ar no pr\u00f3ximo dia <strong>1 de Julho, em 17,2 kHz<\/strong>, para a transmiss\u00e3o anual (CW) do Alexanderson Day.<\/p>\n<p>Tr\u00eas transmiss\u00f5es est\u00e3o programadas:<\/p>\n<p>TX1<br \/>\nStartup \/ tuning \u00e0s 0815 UTC<br \/>\nTransmiss\u00e3o de mensagem \u00e0s 0845 UTC<\/p>\n<p>TX 2<br \/>\nInicializa\u00e7\u00e3o \/ ajuste \u00e0s 1015 UTC<br \/>\nTransmiss\u00e3o de mensagem \u00e0s 1045 UTC<\/p>\n<p>TX 3<br \/>\nInicializa\u00e7\u00e3o \/ ajuste \u00e0s 1215 UTC<br \/>\nTransmiss\u00e3o de mensagem \u00e0s 1245 UTC<\/p>\n<p>As 3 transmiss\u00f5es estar\u00e3o dispon\u00edveis para visualiza\u00e7\u00e3o <a href=\"https:\/\/www.youtube.com\/channel\/UC-83S-l9JKD1iuhsXx3XQ3g?sub_confirmation=1\">online no YouTube<\/a>.<\/p>\n<p>A Esta\u00e7\u00e3o SK6SAQ estar\u00e1 ativa em CW (7,035 MHz ou 14,035 MHz) ou SSB (3,755 MHz), simultaneamente.<\/p>\n<p>Os reports\/QSL para o SAQ e SK6SAQ podem ser enviados por <a href=\"mailto:info@alexander.n.se\">email <\/a>ou pelo bureau.<\/p>\n<p>&nbsp;<\/p>\n","protected":false},"excerpt":{"rendered":"<p>An\u00fancio da Associa\u00e7\u00e3o de Veteranos da Esta\u00e7\u00e3o de R\u00e1dio Grimeton (SAQ), Su\u00e9cia, que mant\u00e9m este p\u00f3lo nuseol\u00f3gico a funcionar. A Associa\u00e7\u00e3o pode ser encontrada online em V\u00e4nf\u00f6reningen Alexander &#8211; Grimeton SAQ veteranradios v\u00e4nner A Esta\u00e7\u00e3o de R\u00e1dio Grimeton, indicativo SAQ, Patrim\u00f3nio Mundial (Su\u00e9cia), ir\u00e1 para o ar no pr\u00f3ximo dia 1 de Julho, em 17,2&hellip; <a class=\"more-link\" href=\"https:\/\/gpcw.pt\/wp\/2018\/06\/27\/saq-no-ar-novamente-em-cw-obviamente\/\">Continue a ler <span class=\"screen-reader-text\">SAQ no ar novamente! Em CW, obviamente&#8230;<\/span><\/a><\/p>\n","protected":false},"author":1,"featured_media":1551,"comment_status":"open","ping_status":"open","sticky":false,"template":"","format":"standard","meta":{"footnotes":""},"categories":[12,51,14,24,31,1],"tags":[75,78,97,123,148,167,181],"class_list":["post-1609","post","type-post","status-publish","format-standard","has-post-thumbnail","hentry","category-danadospocw","category-emissoes-comemorativas","category-eventos","category-morse","category-radio","category-uncategorized","tag-codigo-morse","tag-comemoracao","tag-cw","tag-gpcw","tag-noticia","tag-saq","tag-tsf","entry"],"_links":{"self":[{"href":"https:\/\/gpcw.pt\/wp\/wp-json\/wp\/v2\/posts\/1609","targetHints":{"allow":["GET"]}}],"collection":[{"href":"https:\/\/gpcw.pt\/wp\/wp-json\/wp\/v2\/posts"}],"about":[{"href":"https:\/\/gpcw.pt\/wp\/wp-json\/wp\/v2\/types\/post"}],"author":[{"embeddable":true,"href":"https:\/\/gpcw.pt\/wp\/wp-json\/wp\/v2\/users\/1"}],"replies":[{"embeddable":true,"href":"https:\/\/gpcw.pt\/wp\/wp-json\/wp\/v2\/comments?post=1609"}],"version-history":[{"count":0,"href":"https:\/\/gpcw.pt\/wp\/wp-json\/wp\/v2\/posts\/1609\/revisions"}],"wp:featuredmedia":[{"embeddable":true,"href":"https:\/\/gpcw.pt\/wp\/wp-json\/wp\/v2\/media\/1551"}],"wp:attachment":[{"href":"https:\/\/gpcw.pt\/wp\/wp-json\/wp\/v2\/media?parent=1609"}],"wp:term":[{"taxonomy":"category","embeddable":true,"href":"https:\/\/gpcw.pt\/wp\/wp-json\/wp\/v2\/categories?post=1609"},{"taxonomy":"post_tag","embeddable":true,"href":"https:\/\/gpcw.pt\/wp\/wp-json\/wp\/v2\/tags?post=1609"}],"curies":[{"name":"wp","href":"https:\/\/api.w.org\/{rel}","templated":true}]}}