{"id":1812,"date":"2019-10-28T22:05:02","date_gmt":"2019-10-28T22:05:02","guid":{"rendered":"http:\/\/gpcw.blog\/?p=1812"},"modified":"2019-10-28T22:05:02","modified_gmt":"2019-10-28T22:05:02","slug":"comunicado","status":"publish","type":"post","link":"https:\/\/gpcw.pt\/wp\/2019\/10\/28\/comunicado\/","title":{"rendered":"Comunicado"},"content":{"rendered":"\n<p>Na\nsequ\u00eancia do convite a todas as associa\u00e7\u00f5es de radioamadores (AR), amplamente\ndivulgado, reuniram-se vinte e uma (21) associa\u00e7\u00f5es de radioamadores (AR), em\nSantar\u00e9m, em 26 de outubro de 2019, para analisar e <strong>propor uma nova legisla\u00e7\u00e3o<\/strong>\npara o servi\u00e7o de amador e servi\u00e7o de amador por sat\u00e9lite.<\/p>\n\n\n\n<p>As\nAR estabeleceram como objetivos tornar a legisla\u00e7\u00e3o do radioamadorismo <strong>mais\nadequada aos tempos atuais<\/strong>, entregando ao poder pol\u00edtico um documento\nestruturado, claro, preciso e conciso onde fiquem claras as nossas\ninten\u00e7\u00f5es, onde seja evidente a representa\u00e7\u00e3o da esmagadora maioria dos\nradioamadores nacionais e se enfatize a import\u00e2ncia do radioamadorismo no\ntecido social, humano, cultural e tecnol\u00f3gico.<\/p>\n\n\n\n<p>Estabeleceram-se,\nainda, como objetivos assegurar que uma legisla\u00e7\u00e3o moderna seja facilitadora\nda cultura cient\u00edfica, do radioamadorismo e do recrutamento de novos\nradioamadores.<\/p>\n\n\n\n<p>Para\ncumprimento dos objetivos, as AR deliberaram sobre um conjunto de medidas que\nlevem \u00e0 formula\u00e7\u00e3o de uma proposta legislativa a ser entregue ao Governo,\ndurante o primeiro semestre de 2020.<\/p>\n\n\n\n<p>Como\nm\u00e9todo de trabalho, decidiram as AR, entre outras, as seguintes medidas:<\/p>\n\n\n\n<ul class=\"wp-block-list\"><li>Estabelecer um calend\u00e1rio de trabalhos, incluindo os momentos de\nausculta\u00e7\u00e3o dos(as) associados(as) das diferentes associa\u00e7\u00f5es e a vota\u00e7\u00e3o final\ndo documento a entregar;<\/li><li>A forma de deliberar nos diferentes trabalhos que decorrer\u00e3o ao\nlongo dos pr\u00f3ximos meses;<\/li><li>A constitui\u00e7\u00e3o de diferentes Grupos de Trabalho para estudo e\npropostas referentes a diferentes \u00e1reas do servi\u00e7o de amador, nomeadamente, categorias\ne indicativos, associa\u00e7\u00f5es, espectro\/QNAF, esta\u00e7\u00f5es de uso comum,\nprocedimentos, licenciamento e regime de taxas.<\/li><\/ul>\n\n\n\n<p><em>Santar\u00e9m, 28 de outubro de 2019<\/em><\/p>\n\n\n\n<p>AMSAT-PO,\nAssocia\u00e7\u00e3o de Amadores de Sat\u00e9lite de Portugal<br>\nARADO, Associa\u00e7\u00e3o de Radioamadores do Oeste<br>\nARAL, Associa\u00e7\u00e3o de Radioamadores do Distrito de Leiria<br>\nARAM, Associa\u00e7\u00e3o de Radioamadores do Alto Minho<br>\nARBA, Associa\u00e7\u00e3o de Radioamadores da Beira Alta<br>\nARBB, Associa\u00e7\u00e3o de Radioamadores da Beira Baixa<br>\nARC, Associa\u00e7\u00e3o de Radioamadores de Coimbra<br>\nARETD, Associa\u00e7\u00e3o de Radioamadores de Entre T\u00e2mega e Douro<br>\nARLA, Associa\u00e7\u00e3o de Radioamadores do Litoral Alentejano<br>\nARLC, Associa\u00e7\u00e3o de Radioamadores da Linha de Cascais<br>\nARR, Associa\u00e7\u00e3o de Radioamadores do Ribatejo<br>\nARRLx, Associa\u00e7\u00e3o de Radioamadores da Regi\u00e3o de Lisboa<br>\nARVM, Associa\u00e7\u00e3o de Radioamadores da Vila de Moscavide<br>\nCRE, Clube de Radioamadores do Entroncamento<br>\nLARS, Liga Amadores R\u00e1dio Sintra<br>\nNRA, N\u00facleo de Radioamadores da Armada<br>\nRCL, Radioamador Clube de Loul\u00e9<br>\nREP, Rede dos Emissores Portugueses<br>\nTRGM, Tert\u00falia Radioamador\u00edstica Guglielmo Marconi <br>\nTRPV, Tert\u00falia Radioamador\u00edstica da Praia da Vit\u00f3ria<br>\nURA, Uni\u00e3o de Radioamadores dos A\u00e7ores<\/p>\n","protected":false},"excerpt":{"rendered":"<p>Na sequ\u00eancia do convite a todas as associa\u00e7\u00f5es de radioamadores (AR), amplamente divulgado, reuniram-se vinte e uma (21) associa\u00e7\u00f5es de radioamadores (AR), em Santar\u00e9m, em 26 de outubro de 2019, para analisar e propor uma nova legisla\u00e7\u00e3o para o servi\u00e7o de amador e servi\u00e7o de amador por sat\u00e9lite. As AR estabeleceram como objetivos tornar a&hellip; <a class=\"more-link\" href=\"https:\/\/gpcw.pt\/wp\/2019\/10\/28\/comunicado\/\">Continue a ler <span class=\"screen-reader-text\">Comunicado<\/span><\/a><\/p>\n","protected":false},"author":1,"featured_media":0,"comment_status":"open","ping_status":"open","sticky":false,"template":"","format":"standard","meta":{"footnotes":""},"categories":[32],"tags":[],"class_list":["post-1812","post","type-post","status-publish","format-standard","hentry","category-radioamadorismo","entry"],"_links":{"self":[{"href":"https:\/\/gpcw.pt\/wp\/wp-json\/wp\/v2\/posts\/1812","targetHints":{"allow":["GET"]}}],"collection":[{"href":"https:\/\/gpcw.pt\/wp\/wp-json\/wp\/v2\/posts"}],"about":[{"href":"https:\/\/gpcw.pt\/wp\/wp-json\/wp\/v2\/types\/post"}],"author":[{"embeddable":true,"href":"https:\/\/gpcw.pt\/wp\/wp-json\/wp\/v2\/users\/1"}],"replies":[{"embeddable":true,"href":"https:\/\/gpcw.pt\/wp\/wp-json\/wp\/v2\/comments?post=1812"}],"version-history":[{"count":0,"href":"https:\/\/gpcw.pt\/wp\/wp-json\/wp\/v2\/posts\/1812\/revisions"}],"wp:attachment":[{"href":"https:\/\/gpcw.pt\/wp\/wp-json\/wp\/v2\/media?parent=1812"}],"wp:term":[{"taxonomy":"category","embeddable":true,"href":"https:\/\/gpcw.pt\/wp\/wp-json\/wp\/v2\/categories?post=1812"},{"taxonomy":"post_tag","embeddable":true,"href":"https:\/\/gpcw.pt\/wp\/wp-json\/wp\/v2\/tags?post=1812"}],"curies":[{"name":"wp","href":"https:\/\/api.w.org\/{rel}","templated":true}]}}